{"id":9367,"date":"2020-10-24T18:39:33","date_gmt":"2020-10-24T16:39:33","guid":{"rendered":"https:\/\/www.cortecarezzabella.com\/?p=9367"},"modified":"2022-05-23T15:47:54","modified_gmt":"2022-05-23T13:47:54","slug":"unser-fruehstueck","status":"publish","type":"post","link":"https:\/\/www.cortecarezzabella.com\/de\/unser-fruehstueck\/","title":{"rendered":"Unser Fr\u00fchst\u00fcck"},"content":{"rendered":"\n<h2 class=\"wp-block-heading\">Fr\u00fchst\u00fcck<\/h2>\n\n\n\n<p>Zum Fr\u00fchst\u00fcck haben wir immer versucht, fast ausschlie\u00dflich landwirtschaftliche und regionale Produkte anzubieten: von hausgemachten Kuchen und Keksen bis zu handwerklichen Marmeladen, von Corte Carezzabaella-Fruchts\u00e4ften bis zu Sandwichbrot mit gemahlenem Steinmehl; von Polesano Honig bis zu frischem Obst \u2026<\/p>\n\n\n\n<p>Wir haben uns entschieden, das N\u00f6tigste bei gro\u00dfen Einzelh\u00e4ndlern zu kaufen, deshalb stellen wir auch Produkte wie Zwieback und M\u00fcsli f\u00fcr Joghurt her. Wir erh\u00f6hen die Qualit\u00e4t und verringern die Verpackung!<\/p>\n\n\n\n<p>Sie k\u00f6nnen w\u00e4hlen, was Ihnen am besten gef\u00e4llt, es am Tisch erhalten und genie\u00dfen, wo immer Sie m\u00f6chten, im Wohnzimmer, im Garten oder unter der Veranda!<\/p>\n\n\n\n<figure class=\"wp-block-gallery has-nested-images columns-default is-cropped wp-block-gallery-1 is-layout-flex wp-block-gallery-is-layout-flex\">\n<figure class=\"wp-block-image size-large\"><img loading=\"lazy\" decoding=\"async\" width=\"933\" height=\"700\" data-id=\"9357\" src=\"https:\/\/www.cortecarezzabella.com\/wp-content\/uploads\/2020\/10\/IMG_5818-2-933x700.jpg\" alt=\"\" class=\"wp-image-9357\" srcset=\"https:\/\/www.cortecarezzabella.com\/wp-content\/uploads\/2020\/10\/IMG_5818-2-933x700.jpg 933w, https:\/\/www.cortecarezzabella.com\/wp-content\/uploads\/2020\/10\/IMG_5818-2-640x480.jpg 640w, https:\/\/www.cortecarezzabella.com\/wp-content\/uploads\/2020\/10\/IMG_5818-2-768x576.jpg 768w, https:\/\/www.cortecarezzabella.com\/wp-content\/uploads\/2020\/10\/IMG_5818-2-1536x1152.jpg 1536w, https:\/\/www.cortecarezzabella.com\/wp-content\/uploads\/2020\/10\/IMG_5818-2-2048x1536.jpg 2048w, https:\/\/www.cortecarezzabella.com\/wp-content\/uploads\/2020\/10\/IMG_5818-2-300x225.jpg 300w, https:\/\/www.cortecarezzabella.com\/wp-content\/uploads\/2020\/10\/IMG_5818-2-450x338.jpg 450w, https:\/\/www.cortecarezzabella.com\/wp-content\/uploads\/2020\/10\/IMG_5818-2-500x375.jpg 500w\" sizes=\"auto, (max-width: 933px) 100vw, 933px\" \/><\/figure>\n\n\n\n<figure class=\"wp-block-image size-large\"><img loading=\"lazy\" decoding=\"async\" width=\"525\" height=\"700\" data-id=\"9352\" src=\"https:\/\/www.cortecarezzabella.com\/wp-content\/uploads\/2020\/10\/IMG_5761-525x700.jpg\" alt=\"\" class=\"wp-image-9352\" srcset=\"https:\/\/www.cortecarezzabella.com\/wp-content\/uploads\/2020\/10\/IMG_5761-525x700.jpg 525w, https:\/\/www.cortecarezzabella.com\/wp-content\/uploads\/2020\/10\/IMG_5761-360x480.jpg 360w, https:\/\/www.cortecarezzabella.com\/wp-content\/uploads\/2020\/10\/IMG_5761-768x1024.jpg 768w, https:\/\/www.cortecarezzabella.com\/wp-content\/uploads\/2020\/10\/IMG_5761-1152x1536.jpg 1152w, https:\/\/www.cortecarezzabella.com\/wp-content\/uploads\/2020\/10\/IMG_5761-1536x2048.jpg 1536w, https:\/\/www.cortecarezzabella.com\/wp-content\/uploads\/2020\/10\/IMG_5761-300x400.jpg 300w, https:\/\/www.cortecarezzabella.com\/wp-content\/uploads\/2020\/10\/IMG_5761-450x600.jpg 450w, https:\/\/www.cortecarezzabella.com\/wp-content\/uploads\/2020\/10\/IMG_5761-500x667.jpg 500w, https:\/\/www.cortecarezzabella.com\/wp-content\/uploads\/2020\/10\/IMG_5761-scaled.jpg 1920w\" sizes=\"auto, (max-width: 525px) 100vw, 525px\" \/><\/figure>\n\n\n\n<figure class=\"wp-block-image size-large\"><img loading=\"lazy\" decoding=\"async\" width=\"933\" height=\"700\" data-id=\"9347\" src=\"https:\/\/www.cortecarezzabella.com\/wp-content\/uploads\/2020\/10\/IMG_5573-1-933x700.jpg\" alt=\"\" class=\"wp-image-9347\" srcset=\"https:\/\/www.cortecarezzabella.com\/wp-content\/uploads\/2020\/10\/IMG_5573-1-933x700.jpg 933w, https:\/\/www.cortecarezzabella.com\/wp-content\/uploads\/2020\/10\/IMG_5573-1-640x480.jpg 640w, https:\/\/www.cortecarezzabella.com\/wp-content\/uploads\/2020\/10\/IMG_5573-1-768x576.jpg 768w, https:\/\/www.cortecarezzabella.com\/wp-content\/uploads\/2020\/10\/IMG_5573-1-1536x1152.jpg 1536w, https:\/\/www.cortecarezzabella.com\/wp-content\/uploads\/2020\/10\/IMG_5573-1-2048x1536.jpg 2048w, https:\/\/www.cortecarezzabella.com\/wp-content\/uploads\/2020\/10\/IMG_5573-1-300x225.jpg 300w, https:\/\/www.cortecarezzabella.com\/wp-content\/uploads\/2020\/10\/IMG_5573-1-450x338.jpg 450w, https:\/\/www.cortecarezzabella.com\/wp-content\/uploads\/2020\/10\/IMG_5573-1-500x375.jpg 500w\" sizes=\"auto, (max-width: 933px) 100vw, 933px\" \/><\/figure>\n\n\n\n<figure class=\"wp-block-image size-large\"><img loading=\"lazy\" decoding=\"async\" width=\"525\" height=\"700\" data-id=\"9342\" src=\"https:\/\/www.cortecarezzabella.com\/wp-content\/uploads\/2020\/10\/IMG_5571-525x700.jpg\" alt=\"\" class=\"wp-image-9342\" srcset=\"https:\/\/www.cortecarezzabella.com\/wp-content\/uploads\/2020\/10\/IMG_5571-525x700.jpg 525w, https:\/\/www.cortecarezzabella.com\/wp-content\/uploads\/2020\/10\/IMG_5571-360x480.jpg 360w, https:\/\/www.cortecarezzabella.com\/wp-content\/uploads\/2020\/10\/IMG_5571-768x1024.jpg 768w, https:\/\/www.cortecarezzabella.com\/wp-content\/uploads\/2020\/10\/IMG_5571-1152x1536.jpg 1152w, https:\/\/www.cortecarezzabella.com\/wp-content\/uploads\/2020\/10\/IMG_5571-1536x2048.jpg 1536w, https:\/\/www.cortecarezzabella.com\/wp-content\/uploads\/2020\/10\/IMG_5571-300x400.jpg 300w, https:\/\/www.cortecarezzabella.com\/wp-content\/uploads\/2020\/10\/IMG_5571-450x600.jpg 450w, https:\/\/www.cortecarezzabella.com\/wp-content\/uploads\/2020\/10\/IMG_5571-500x667.jpg 500w, https:\/\/www.cortecarezzabella.com\/wp-content\/uploads\/2020\/10\/IMG_5571-scaled.jpg 1920w\" sizes=\"auto, (max-width: 525px) 100vw, 525px\" \/><\/figure>\n\n\n\n<figure class=\"wp-block-image size-large\"><img loading=\"lazy\" decoding=\"async\" width=\"780\" height=\"700\" data-id=\"9337\" src=\"https:\/\/www.cortecarezzabella.com\/wp-content\/uploads\/2020\/10\/da4d08f1-d33c-40f1-801b-6d6985e4a80b-1-780x700.jpg\" alt=\"\" class=\"wp-image-9337\" srcset=\"https:\/\/www.cortecarezzabella.com\/wp-content\/uploads\/2020\/10\/da4d08f1-d33c-40f1-801b-6d6985e4a80b-1-780x700.jpg 780w, https:\/\/www.cortecarezzabella.com\/wp-content\/uploads\/2020\/10\/da4d08f1-d33c-40f1-801b-6d6985e4a80b-1-535x480.jpg 535w, https:\/\/www.cortecarezzabella.com\/wp-content\/uploads\/2020\/10\/da4d08f1-d33c-40f1-801b-6d6985e4a80b-1-768x689.jpg 768w, https:\/\/www.cortecarezzabella.com\/wp-content\/uploads\/2020\/10\/da4d08f1-d33c-40f1-801b-6d6985e4a80b-1-1536x1379.jpg 1536w, https:\/\/www.cortecarezzabella.com\/wp-content\/uploads\/2020\/10\/da4d08f1-d33c-40f1-801b-6d6985e4a80b-1-300x269.jpg 300w, https:\/\/www.cortecarezzabella.com\/wp-content\/uploads\/2020\/10\/da4d08f1-d33c-40f1-801b-6d6985e4a80b-1-450x404.jpg 450w, https:\/\/www.cortecarezzabella.com\/wp-content\/uploads\/2020\/10\/da4d08f1-d33c-40f1-801b-6d6985e4a80b-1-500x449.jpg 500w, https:\/\/www.cortecarezzabella.com\/wp-content\/uploads\/2020\/10\/da4d08f1-d33c-40f1-801b-6d6985e4a80b-1.jpg 1600w\" sizes=\"auto, (max-width: 780px) 100vw, 780px\" \/><\/figure>\n\n\n\n<figure class=\"wp-block-image size-large\"><img loading=\"lazy\" decoding=\"async\" width=\"589\" height=\"700\" data-id=\"9332\" src=\"https:\/\/www.cortecarezzabella.com\/wp-content\/uploads\/2020\/10\/colazione-589x700.jpg\" alt=\"\" class=\"wp-image-9332\" srcset=\"https:\/\/www.cortecarezzabella.com\/wp-content\/uploads\/2020\/10\/colazione-589x700.jpg 589w, https:\/\/www.cortecarezzabella.com\/wp-content\/uploads\/2020\/10\/colazione-404x480.jpg 404w, https:\/\/www.cortecarezzabella.com\/wp-content\/uploads\/2020\/10\/colazione-768x912.jpg 768w, https:\/\/www.cortecarezzabella.com\/wp-content\/uploads\/2020\/10\/colazione-300x356.jpg 300w, https:\/\/www.cortecarezzabella.com\/wp-content\/uploads\/2020\/10\/colazione-450x535.jpg 450w, https:\/\/www.cortecarezzabella.com\/wp-content\/uploads\/2020\/10\/colazione-500x594.jpg 500w, https:\/\/www.cortecarezzabella.com\/wp-content\/uploads\/2020\/10\/colazione.jpg 808w\" sizes=\"auto, (max-width: 589px) 100vw, 589px\" \/><\/figure>\n\n\n\n<figure class=\"wp-block-image size-large\"><img loading=\"lazy\" decoding=\"async\" width=\"772\" height=\"700\" data-id=\"9327\" src=\"https:\/\/www.cortecarezzabella.com\/wp-content\/uploads\/2020\/10\/b22cdaa2-1c18-4f83-8654-c7a97c6c6694-1-772x700.jpg\" alt=\"\" class=\"wp-image-9327\" srcset=\"https:\/\/www.cortecarezzabella.com\/wp-content\/uploads\/2020\/10\/b22cdaa2-1c18-4f83-8654-c7a97c6c6694-1-772x700.jpg 772w, https:\/\/www.cortecarezzabella.com\/wp-content\/uploads\/2020\/10\/b22cdaa2-1c18-4f83-8654-c7a97c6c6694-1-529x480.jpg 529w, https:\/\/www.cortecarezzabella.com\/wp-content\/uploads\/2020\/10\/b22cdaa2-1c18-4f83-8654-c7a97c6c6694-1-768x697.jpg 768w, https:\/\/www.cortecarezzabella.com\/wp-content\/uploads\/2020\/10\/b22cdaa2-1c18-4f83-8654-c7a97c6c6694-1-300x272.jpg 300w, https:\/\/www.cortecarezzabella.com\/wp-content\/uploads\/2020\/10\/b22cdaa2-1c18-4f83-8654-c7a97c6c6694-1-450x408.jpg 450w, https:\/\/www.cortecarezzabella.com\/wp-content\/uploads\/2020\/10\/b22cdaa2-1c18-4f83-8654-c7a97c6c6694-1-500x454.jpg 500w, https:\/\/www.cortecarezzabella.com\/wp-content\/uploads\/2020\/10\/b22cdaa2-1c18-4f83-8654-c7a97c6c6694-1.jpg 1024w\" sizes=\"auto, (max-width: 772px) 100vw, 772px\" \/><\/figure>\n\n\n\n<figure class=\"wp-block-image size-large\"><img loading=\"lazy\" decoding=\"async\" width=\"525\" height=\"700\" data-id=\"9322\" src=\"https:\/\/www.cortecarezzabella.com\/wp-content\/uploads\/2020\/10\/101207729_3280583725333322_4163155213542227968_o-525x700.jpg\" alt=\"\" class=\"wp-image-9322\" srcset=\"https:\/\/www.cortecarezzabella.com\/wp-content\/uploads\/2020\/10\/101207729_3280583725333322_4163155213542227968_o-525x700.jpg 525w, https:\/\/www.cortecarezzabella.com\/wp-content\/uploads\/2020\/10\/101207729_3280583725333322_4163155213542227968_o-360x480.jpg 360w, https:\/\/www.cortecarezzabella.com\/wp-content\/uploads\/2020\/10\/101207729_3280583725333322_4163155213542227968_o-300x400.jpg 300w, https:\/\/www.cortecarezzabella.com\/wp-content\/uploads\/2020\/10\/101207729_3280583725333322_4163155213542227968_o-450x600.jpg 450w, https:\/\/www.cortecarezzabella.com\/wp-content\/uploads\/2020\/10\/101207729_3280583725333322_4163155213542227968_o-500x667.jpg 500w, https:\/\/www.cortecarezzabella.com\/wp-content\/uploads\/2020\/10\/101207729_3280583725333322_4163155213542227968_o.jpg 720w\" sizes=\"auto, (max-width: 525px) 100vw, 525px\" \/><\/figure>\n\n\n\n<figure class=\"wp-block-image size-large\"><img loading=\"lazy\" decoding=\"async\" width=\"588\" height=\"700\" data-id=\"9317\" src=\"https:\/\/www.cortecarezzabella.com\/wp-content\/uploads\/2020\/10\/79724281_2849291478462551_8893422001952129024_n-588x700.jpg\" alt=\"\" class=\"wp-image-9317\" srcset=\"https:\/\/www.cortecarezzabella.com\/wp-content\/uploads\/2020\/10\/79724281_2849291478462551_8893422001952129024_n-588x700.jpg 588w, https:\/\/www.cortecarezzabella.com\/wp-content\/uploads\/2020\/10\/79724281_2849291478462551_8893422001952129024_n-403x480.jpg 403w, https:\/\/www.cortecarezzabella.com\/wp-content\/uploads\/2020\/10\/79724281_2849291478462551_8893422001952129024_n-768x915.jpg 768w, https:\/\/www.cortecarezzabella.com\/wp-content\/uploads\/2020\/10\/79724281_2849291478462551_8893422001952129024_n-300x357.jpg 300w, https:\/\/www.cortecarezzabella.com\/wp-content\/uploads\/2020\/10\/79724281_2849291478462551_8893422001952129024_n-450x536.jpg 450w, https:\/\/www.cortecarezzabella.com\/wp-content\/uploads\/2020\/10\/79724281_2849291478462551_8893422001952129024_n-500x596.jpg 500w, https:\/\/www.cortecarezzabella.com\/wp-content\/uploads\/2020\/10\/79724281_2849291478462551_8893422001952129024_n.jpg 806w\" sizes=\"auto, (max-width: 588px) 100vw, 588px\" \/><\/figure>\n<\/figure>\n","protected":false},"excerpt":{"rendered":"<p>Fr\u00fchst\u00fcck<\/p>\n","protected":false},"author":2,"featured_media":9327,"comment_status":"closed","ping_status":"closed","sticky":false,"template":"","format":"standard","meta":{"_acf_changed":false,"ngg_post_thumbnail":0,"footnotes":""},"categories":[7],"tags":[],"class_list":["post-9367","post","type-post","status-publish","format-standard","has-post-thumbnail","hentry","category-veranstaltungen"],"acf":[],"yoast_head":"<!-- This site is optimized with the Yoast SEO plugin v27.5 - https:\/\/yoast.com\/product\/yoast-seo-wordpress\/ -->\n<title>Unser Fr\u00fchst\u00fcck<\/title>\n<meta name=\"robots\" content=\"index, follow, max-snippet:-1, max-image-preview:large, max-video-preview:-1\" \/>\n<link rel=\"canonical\" href=\"https:\/\/www.cortecarezzabella.com\/de\/unser-fruehstueck\/\" \/>\n<meta property=\"og:locale\" content=\"de_DE\" \/>\n<meta property=\"og:type\" content=\"article\" \/>\n<meta property=\"og:title\" content=\"Unser Fr\u00fchst\u00fcck\" \/>\n<meta property=\"og:description\" content=\"Fr\u00fchst\u00fcck\" \/>\n<meta property=\"og:url\" content=\"https:\/\/www.cortecarezzabella.com\/de\/unser-fruehstueck\/\" \/>\n<meta property=\"og:site_name\" content=\"Corte Carezzabella\" \/>\n<meta property=\"article:published_time\" content=\"2020-10-24T16:39:33+00:00\" \/>\n<meta property=\"article:modified_time\" content=\"2022-05-23T13:47:54+00:00\" \/>\n<meta property=\"og:image\" content=\"https:\/\/www.cortecarezzabella.com\/wp-content\/uploads\/2020\/10\/b22cdaa2-1c18-4f83-8654-c7a97c6c6694-1.jpg\" \/>\n\t<meta property=\"og:image:width\" content=\"1024\" \/>\n\t<meta property=\"og:image:height\" content=\"929\" \/>\n\t<meta property=\"og:image:type\" content=\"image\/jpeg\" \/>\n<meta name=\"author\" content=\"chiara\" \/>\n<meta name=\"twitter:card\" content=\"summary_large_image\" \/>\n<meta name=\"twitter:label1\" content=\"Written by\" \/>\n\t<meta name=\"twitter:data1\" content=\"chiara\" \/>\n\t<meta name=\"twitter:label2\" content=\"Est. reading time\" \/>\n\t<meta name=\"twitter:data2\" content=\"3 minutes\" \/>\n<script type=\"application\/ld+json\" class=\"yoast-schema-graph\">{\"@context\":\"https:\\\/\\\/schema.org\",\"@graph\":[{\"@type\":\"Article\",\"@id\":\"https:\\\/\\\/www.cortecarezzabella.com\\\/de\\\/unser-fruehstueck\\\/#article\",\"isPartOf\":{\"@id\":\"https:\\\/\\\/www.cortecarezzabella.com\\\/de\\\/unser-fruehstueck\\\/\"},\"author\":{\"name\":\"chiara\",\"@id\":\"https:\\\/\\\/www.cortecarezzabella.com\\\/de\\\/#\\\/schema\\\/person\\\/c509037d52dcddb64899dcddc80e286b\"},\"headline\":\"Unser Fr\u00fchst\u00fcck\",\"datePublished\":\"2020-10-24T16:39:33+00:00\",\"dateModified\":\"2022-05-23T13:47:54+00:00\",\"mainEntityOfPage\":{\"@id\":\"https:\\\/\\\/www.cortecarezzabella.com\\\/de\\\/unser-fruehstueck\\\/\"},\"wordCount\":118,\"publisher\":{\"@id\":\"https:\\\/\\\/www.cortecarezzabella.com\\\/de\\\/#organization\"},\"image\":{\"@id\":\"https:\\\/\\\/www.cortecarezzabella.com\\\/de\\\/unser-fruehstueck\\\/#primaryimage\"},\"thumbnailUrl\":\"https:\\\/\\\/www.cortecarezzabella.com\\\/wp-content\\\/uploads\\\/2020\\\/10\\\/b22cdaa2-1c18-4f83-8654-c7a97c6c6694-1.jpg\",\"articleSection\":[\"Veranstaltungen\"],\"inLanguage\":\"de-DE\"},{\"@type\":\"WebPage\",\"@id\":\"https:\\\/\\\/www.cortecarezzabella.com\\\/de\\\/unser-fruehstueck\\\/\",\"url\":\"https:\\\/\\\/www.cortecarezzabella.com\\\/de\\\/unser-fruehstueck\\\/\",\"name\":\"Unser Fr\u00fchst\u00fcck\",\"isPartOf\":{\"@id\":\"https:\\\/\\\/www.cortecarezzabella.com\\\/de\\\/#website\"},\"primaryImageOfPage\":{\"@id\":\"https:\\\/\\\/www.cortecarezzabella.com\\\/de\\\/unser-fruehstueck\\\/#primaryimage\"},\"image\":{\"@id\":\"https:\\\/\\\/www.cortecarezzabella.com\\\/de\\\/unser-fruehstueck\\\/#primaryimage\"},\"thumbnailUrl\":\"https:\\\/\\\/www.cortecarezzabella.com\\\/wp-content\\\/uploads\\\/2020\\\/10\\\/b22cdaa2-1c18-4f83-8654-c7a97c6c6694-1.jpg\",\"datePublished\":\"2020-10-24T16:39:33+00:00\",\"dateModified\":\"2022-05-23T13:47:54+00:00\",\"breadcrumb\":{\"@id\":\"https:\\\/\\\/www.cortecarezzabella.com\\\/de\\\/unser-fruehstueck\\\/#breadcrumb\"},\"inLanguage\":\"de-DE\",\"potentialAction\":[{\"@type\":\"ReadAction\",\"target\":[\"https:\\\/\\\/www.cortecarezzabella.com\\\/de\\\/unser-fruehstueck\\\/\"]}]},{\"@type\":\"ImageObject\",\"inLanguage\":\"de-DE\",\"@id\":\"https:\\\/\\\/www.cortecarezzabella.com\\\/de\\\/unser-fruehstueck\\\/#primaryimage\",\"url\":\"https:\\\/\\\/www.cortecarezzabella.com\\\/wp-content\\\/uploads\\\/2020\\\/10\\\/b22cdaa2-1c18-4f83-8654-c7a97c6c6694-1.jpg\",\"contentUrl\":\"https:\\\/\\\/www.cortecarezzabella.com\\\/wp-content\\\/uploads\\\/2020\\\/10\\\/b22cdaa2-1c18-4f83-8654-c7a97c6c6694-1.jpg\",\"width\":1024,\"height\":929},{\"@type\":\"BreadcrumbList\",\"@id\":\"https:\\\/\\\/www.cortecarezzabella.com\\\/de\\\/unser-fruehstueck\\\/#breadcrumb\",\"itemListElement\":[{\"@type\":\"ListItem\",\"position\":1,\"name\":\"Home\",\"item\":\"https:\\\/\\\/www.cortecarezzabella.com\\\/de\\\/\"},{\"@type\":\"ListItem\",\"position\":2,\"name\":\"Unser Fr\u00fchst\u00fcck\"}]},{\"@type\":\"WebSite\",\"@id\":\"https:\\\/\\\/www.cortecarezzabella.com\\\/de\\\/#website\",\"url\":\"https:\\\/\\\/www.cortecarezzabella.com\\\/de\\\/\",\"name\":\"Corte Carezzabella\",\"description\":\"Agriturismo Corte Carezzabella\",\"publisher\":{\"@id\":\"https:\\\/\\\/www.cortecarezzabella.com\\\/de\\\/#organization\"},\"potentialAction\":[{\"@type\":\"SearchAction\",\"target\":{\"@type\":\"EntryPoint\",\"urlTemplate\":\"https:\\\/\\\/www.cortecarezzabella.com\\\/de\\\/?s={search_term_string}\"},\"query-input\":{\"@type\":\"PropertyValueSpecification\",\"valueRequired\":true,\"valueName\":\"search_term_string\"}}],\"inLanguage\":\"de-DE\"},{\"@type\":\"Organization\",\"@id\":\"https:\\\/\\\/www.cortecarezzabella.com\\\/de\\\/#organization\",\"name\":\"IL FRUTTETO DI SAN MARTINO S.S.\",\"url\":\"https:\\\/\\\/www.cortecarezzabella.com\\\/de\\\/\",\"logo\":{\"@type\":\"ImageObject\",\"inLanguage\":\"de-DE\",\"@id\":\"https:\\\/\\\/www.cortecarezzabella.com\\\/de\\\/#\\\/schema\\\/logo\\\/image\\\/\",\"url\":\"https:\\\/\\\/www.cortecarezzabella.com\\\/wp-content\\\/uploads\\\/2020\\\/03\\\/LOGO_laBottega-posta-elttr-piccola.jpg\",\"contentUrl\":\"https:\\\/\\\/www.cortecarezzabella.com\\\/wp-content\\\/uploads\\\/2020\\\/03\\\/LOGO_laBottega-posta-elttr-piccola.jpg\",\"width\":160,\"height\":115,\"caption\":\"IL FRUTTETO DI SAN MARTINO S.S.\"},\"image\":{\"@id\":\"https:\\\/\\\/www.cortecarezzabella.com\\\/de\\\/#\\\/schema\\\/logo\\\/image\\\/\"}},{\"@type\":\"Person\",\"@id\":\"https:\\\/\\\/www.cortecarezzabella.com\\\/de\\\/#\\\/schema\\\/person\\\/c509037d52dcddb64899dcddc80e286b\",\"name\":\"chiara\",\"url\":\"https:\\\/\\\/www.cortecarezzabella.com\\\/de\\\/author\\\/rswstudio-2\\\/\"}]}<\/script>\n<!-- \/ Yoast SEO plugin. -->","yoast_head_json":{"title":"Unser Fr\u00fchst\u00fcck","robots":{"index":"index","follow":"follow","max-snippet":"max-snippet:-1","max-image-preview":"max-image-preview:large","max-video-preview":"max-video-preview:-1"},"canonical":"https:\/\/www.cortecarezzabella.com\/de\/unser-fruehstueck\/","og_locale":"de_DE","og_type":"article","og_title":"Unser Fr\u00fchst\u00fcck","og_description":"Fr\u00fchst\u00fcck","og_url":"https:\/\/www.cortecarezzabella.com\/de\/unser-fruehstueck\/","og_site_name":"Corte Carezzabella","article_published_time":"2020-10-24T16:39:33+00:00","article_modified_time":"2022-05-23T13:47:54+00:00","og_image":[{"width":1024,"height":929,"url":"https:\/\/www.cortecarezzabella.com\/wp-content\/uploads\/2020\/10\/b22cdaa2-1c18-4f83-8654-c7a97c6c6694-1.jpg","type":"image\/jpeg"}],"author":"chiara","twitter_card":"summary_large_image","twitter_misc":{"Written by":"chiara","Est. reading time":"3 minutes"},"schema":{"@context":"https:\/\/schema.org","@graph":[{"@type":"Article","@id":"https:\/\/www.cortecarezzabella.com\/de\/unser-fruehstueck\/#article","isPartOf":{"@id":"https:\/\/www.cortecarezzabella.com\/de\/unser-fruehstueck\/"},"author":{"name":"chiara","@id":"https:\/\/www.cortecarezzabella.com\/de\/#\/schema\/person\/c509037d52dcddb64899dcddc80e286b"},"headline":"Unser Fr\u00fchst\u00fcck","datePublished":"2020-10-24T16:39:33+00:00","dateModified":"2022-05-23T13:47:54+00:00","mainEntityOfPage":{"@id":"https:\/\/www.cortecarezzabella.com\/de\/unser-fruehstueck\/"},"wordCount":118,"publisher":{"@id":"https:\/\/www.cortecarezzabella.com\/de\/#organization"},"image":{"@id":"https:\/\/www.cortecarezzabella.com\/de\/unser-fruehstueck\/#primaryimage"},"thumbnailUrl":"https:\/\/www.cortecarezzabella.com\/wp-content\/uploads\/2020\/10\/b22cdaa2-1c18-4f83-8654-c7a97c6c6694-1.jpg","articleSection":["Veranstaltungen"],"inLanguage":"de-DE"},{"@type":"WebPage","@id":"https:\/\/www.cortecarezzabella.com\/de\/unser-fruehstueck\/","url":"https:\/\/www.cortecarezzabella.com\/de\/unser-fruehstueck\/","name":"Unser Fr\u00fchst\u00fcck","isPartOf":{"@id":"https:\/\/www.cortecarezzabella.com\/de\/#website"},"primaryImageOfPage":{"@id":"https:\/\/www.cortecarezzabella.com\/de\/unser-fruehstueck\/#primaryimage"},"image":{"@id":"https:\/\/www.cortecarezzabella.com\/de\/unser-fruehstueck\/#primaryimage"},"thumbnailUrl":"https:\/\/www.cortecarezzabella.com\/wp-content\/uploads\/2020\/10\/b22cdaa2-1c18-4f83-8654-c7a97c6c6694-1.jpg","datePublished":"2020-10-24T16:39:33+00:00","dateModified":"2022-05-23T13:47:54+00:00","breadcrumb":{"@id":"https:\/\/www.cortecarezzabella.com\/de\/unser-fruehstueck\/#breadcrumb"},"inLanguage":"de-DE","potentialAction":[{"@type":"ReadAction","target":["https:\/\/www.cortecarezzabella.com\/de\/unser-fruehstueck\/"]}]},{"@type":"ImageObject","inLanguage":"de-DE","@id":"https:\/\/www.cortecarezzabella.com\/de\/unser-fruehstueck\/#primaryimage","url":"https:\/\/www.cortecarezzabella.com\/wp-content\/uploads\/2020\/10\/b22cdaa2-1c18-4f83-8654-c7a97c6c6694-1.jpg","contentUrl":"https:\/\/www.cortecarezzabella.com\/wp-content\/uploads\/2020\/10\/b22cdaa2-1c18-4f83-8654-c7a97c6c6694-1.jpg","width":1024,"height":929},{"@type":"BreadcrumbList","@id":"https:\/\/www.cortecarezzabella.com\/de\/unser-fruehstueck\/#breadcrumb","itemListElement":[{"@type":"ListItem","position":1,"name":"Home","item":"https:\/\/www.cortecarezzabella.com\/de\/"},{"@type":"ListItem","position":2,"name":"Unser Fr\u00fchst\u00fcck"}]},{"@type":"WebSite","@id":"https:\/\/www.cortecarezzabella.com\/de\/#website","url":"https:\/\/www.cortecarezzabella.com\/de\/","name":"Corte Carezzabella","description":"Agriturismo Corte Carezzabella","publisher":{"@id":"https:\/\/www.cortecarezzabella.com\/de\/#organization"},"potentialAction":[{"@type":"SearchAction","target":{"@type":"EntryPoint","urlTemplate":"https:\/\/www.cortecarezzabella.com\/de\/?s={search_term_string}"},"query-input":{"@type":"PropertyValueSpecification","valueRequired":true,"valueName":"search_term_string"}}],"inLanguage":"de-DE"},{"@type":"Organization","@id":"https:\/\/www.cortecarezzabella.com\/de\/#organization","name":"IL FRUTTETO DI SAN MARTINO S.S.","url":"https:\/\/www.cortecarezzabella.com\/de\/","logo":{"@type":"ImageObject","inLanguage":"de-DE","@id":"https:\/\/www.cortecarezzabella.com\/de\/#\/schema\/logo\/image\/","url":"https:\/\/www.cortecarezzabella.com\/wp-content\/uploads\/2020\/03\/LOGO_laBottega-posta-elttr-piccola.jpg","contentUrl":"https:\/\/www.cortecarezzabella.com\/wp-content\/uploads\/2020\/03\/LOGO_laBottega-posta-elttr-piccola.jpg","width":160,"height":115,"caption":"IL FRUTTETO DI SAN MARTINO S.S."},"image":{"@id":"https:\/\/www.cortecarezzabella.com\/de\/#\/schema\/logo\/image\/"}},{"@type":"Person","@id":"https:\/\/www.cortecarezzabella.com\/de\/#\/schema\/person\/c509037d52dcddb64899dcddc80e286b","name":"chiara","url":"https:\/\/www.cortecarezzabella.com\/de\/author\/rswstudio-2\/"}]}},"_links":{"self":[{"href":"https:\/\/www.cortecarezzabella.com\/de\/wp-json\/wp\/v2\/posts\/9367","targetHints":{"allow":["GET"]}}],"collection":[{"href":"https:\/\/www.cortecarezzabella.com\/de\/wp-json\/wp\/v2\/posts"}],"about":[{"href":"https:\/\/www.cortecarezzabella.com\/de\/wp-json\/wp\/v2\/types\/post"}],"author":[{"embeddable":true,"href":"https:\/\/www.cortecarezzabella.com\/de\/wp-json\/wp\/v2\/users\/2"}],"replies":[{"embeddable":true,"href":"https:\/\/www.cortecarezzabella.com\/de\/wp-json\/wp\/v2\/comments?post=9367"}],"version-history":[{"count":3,"href":"https:\/\/www.cortecarezzabella.com\/de\/wp-json\/wp\/v2\/posts\/9367\/revisions"}],"predecessor-version":[{"id":12256,"href":"https:\/\/www.cortecarezzabella.com\/de\/wp-json\/wp\/v2\/posts\/9367\/revisions\/12256"}],"wp:featuredmedia":[{"embeddable":true,"href":"https:\/\/www.cortecarezzabella.com\/de\/wp-json\/wp\/v2\/media\/9327"}],"wp:attachment":[{"href":"https:\/\/www.cortecarezzabella.com\/de\/wp-json\/wp\/v2\/media?parent=9367"}],"wp:term":[{"taxonomy":"category","embeddable":true,"href":"https:\/\/www.cortecarezzabella.com\/de\/wp-json\/wp\/v2\/categories?post=9367"},{"taxonomy":"post_tag","embeddable":true,"href":"https:\/\/www.cortecarezzabella.com\/de\/wp-json\/wp\/v2\/tags?post=9367"}],"curies":[{"name":"wp","href":"https:\/\/api.w.org\/{rel}","templated":true}]}}